{"id":7988,"date":"2026-04-10T12:11:43","date_gmt":"2026-04-10T10:11:43","guid":{"rendered":"https:\/\/consmetz.esteri.it\/?p=7988"},"modified":"2026-04-22T12:26:13","modified_gmt":"2026-04-22T10:26:13","slug":"%e2%9c%a8bellissimetz-2026","status":"publish","type":"post","link":"https:\/\/consmetz.esteri.it\/fr\/news\/dal_consolato\/2026\/04\/%e2%9c%a8bellissimetz-2026\/","title":{"rendered":"\u2728BELLISSIMETZ 2026"},"content":{"rendered":"<p>\u2728 Du 13 au 18 mai 2026, <strong>Place d\u2019Armes \u00e0 Metz<\/strong> se transforme en un coin d\u2019Italie avec <strong>BellissiMetz 2026<\/strong> !<\/p>\n<p>Six jours d\u00e9di\u00e9s aux saveurs, aux parfums et aux traditions italiennes entre gastronomie, artisanat, musique et spectacles. Cette ann\u00e9e, l\u2019invit\u00e9e d\u2019honneur est <strong>V\u00e9rone<\/strong>, avec ses excellences \u0153nogastronomiques et son charme intemporel.<\/p>\n<p>Un voyage unique \u00e0 travers sp\u00e9cialit\u00e9s typiques, concerts, animations et moments \u00e0 partager au c\u0153ur de Metz. Nous vous attendons pour c\u00e9l\u00e9brer toute la beaut\u00e9 de l\u2019Italie ! \ud83c\uddee\ud83c\uddf9\ud83c\udf5d\ud83c\udfb6<\/p>\n<p>\ud83d\udd0e<a href=\"https:\/\/consmetz.esteri.it\/wp-content\/uploads\/2026\/04\/BELLISSIMETZ-2026-PROGRAMMA-.pdf\">LIRE LE PROGRAMME COMPLET DES \u00c9V\u00c9NEMENTS<\/a><\/p>\n","protected":false},"excerpt":{"rendered":"\u2728 Du 13 au 18 mai 2026, Place d\u2019Armes \u00e0 Metz se transforme en un coin d\u2019Italie avec BellissiMetz 2026 ! Six jours d\u00e9di\u00e9s aux saveurs, aux parfums et aux traditions italiennes entre gastronomie, artisanat, musique et spectacles. Cette ann\u00e9e, l\u2019invit\u00e9e d\u2019honneur est V\u00e9rone, avec ses excellences \u0153nogastronomiques et son charme intemporel. Un voyage unique [&hellip;]","protected":false},"author":9,"featured_media":7920,"comment_status":"closed","ping_status":"closed","sticky":false,"template":"","format":"standard","meta":{"footnotes":""},"tags":[19,18,23],"class_list":["post-7988","post","type-post","status-publish","format-standard","has-post-thumbnail","hentry","tag-diplomazia-culturale","tag-diplomazia-economica","tag-italiani-nel-mondo"],"_links":{"self":[{"href":"https:\/\/consmetz.esteri.it\/fr\/wp-json\/wp\/v2\/posts\/7988","targetHints":{"allow":["GET"]}}],"collection":[{"href":"https:\/\/consmetz.esteri.it\/fr\/wp-json\/wp\/v2\/posts"}],"about":[{"href":"https:\/\/consmetz.esteri.it\/fr\/wp-json\/wp\/v2\/types\/post"}],"author":[{"embeddable":true,"href":"https:\/\/consmetz.esteri.it\/fr\/wp-json\/wp\/v2\/users\/9"}],"replies":[{"embeddable":true,"href":"https:\/\/consmetz.esteri.it\/fr\/wp-json\/wp\/v2\/comments?post=7988"}],"version-history":[{"count":1,"href":"https:\/\/consmetz.esteri.it\/fr\/wp-json\/wp\/v2\/posts\/7988\/revisions"}],"predecessor-version":[{"id":7990,"href":"https:\/\/consmetz.esteri.it\/fr\/wp-json\/wp\/v2\/posts\/7988\/revisions\/7990"}],"wp:featuredmedia":[{"embeddable":true,"href":"https:\/\/consmetz.esteri.it\/fr\/wp-json\/wp\/v2\/media\/7920"}],"wp:attachment":[{"href":"https:\/\/consmetz.esteri.it\/fr\/wp-json\/wp\/v2\/media?parent=7988"}],"wp:term":[{"taxonomy":"post_tag","embeddable":true,"href":"https:\/\/consmetz.esteri.it\/fr\/wp-json\/wp\/v2\/tags?post=7988"}],"curies":[{"name":"wp","href":"https:\/\/api.w.org\/{rel}","templated":true}]}}