{"id":8008,"date":"2026-04-24T14:52:41","date_gmt":"2026-04-24T12:52:41","guid":{"rendered":"https:\/\/consmetz.esteri.it\/?p=8008"},"modified":"2026-04-24T14:54:07","modified_gmt":"2026-04-24T12:54:07","slug":"invest-your-talent-in-italy","status":"publish","type":"post","link":"https:\/\/consmetz.esteri.it\/fr\/news\/dal_consolato\/2026\/04\/invest-your-talent-in-italy\/","title":{"rendered":"Invest Your Talent in Italy!"},"content":{"rendered":"<p><span class=\"publish_base_z8ao1 publish_md_mDl1- publish_regular_vDAcM publish_lh-regular_wNR2w publish_inherit_BRkxn publish_annotatedText_7xaKo\" data-no-dnd=\"true\" aria-expanded=\"true\">\ud83d\udce3 L\u2019appel \u00e0 candidatures pour l\u2019ann\u00e9e universitaire 2026\u20132027 des bourses \u00ab Invest Your Talent in Italy \u00bb est en ligne !<br \/>\n<\/span><\/p>\n<p><span class=\"publish_base_z8ao1 publish_md_mDl1- publish_regular_vDAcM publish_lh-regular_wNR2w publish_inherit_BRkxn publish_annotatedText_7xaKo\" data-no-dnd=\"true\" aria-expanded=\"true\">Le programme permet aux \u00e9tudiants provenant de 23 pays cibles de suivre des masters ou des mast\u00e8res en Ing\u00e9nierie, Architecture et Design, \u00c9conomie et Management dans les universit\u00e9s italiennes.<br \/>\n<\/span><\/p>\n<p><span class=\"publish_base_z8ao1 publish_md_mDl1- publish_regular_vDAcM publish_lh-regular_wNR2w publish_inherit_BRkxn publish_annotatedText_7xaKo\" data-no-dnd=\"true\" aria-expanded=\"true\">En participant \u00e0 <a class=\"publish_link_FBzWV publish_external_6f-Tu\" href=\"https:\/\/www.instagram.com\/explore\/tags\/InvestYourTalent\" target=\"_blank\" rel=\"noopener noreferrer\">#InvestYourTalent<\/a>, les boursiers pourront d\u00e9velopper leur talent dans des environnements de formation d\u2019excellence et effectuer un stage au sein d\u2019entreprises italiennes. <\/span><\/p>\n<p><span class=\"publish_base_z8ao1 publish_md_mDl1- publish_regular_vDAcM publish_lh-regular_wNR2w publish_inherit_BRkxn publish_annotatedText_7xaKo\" data-no-dnd=\"true\" aria-expanded=\"true\">\u23f0 Date limite : 11 mai 2026. Pour v\u00e9rifier les conditions et soumettre votre candidature \ud83d\udc49 <a href=\"https:\/\/lnkd.in\/dnAfdbKr\">https:\/\/lnkd.in\/dnAfdbKr <\/a><\/span><\/p>\n","protected":false},"excerpt":{"rendered":"\ud83d\udce3 L\u2019appel \u00e0 candidatures pour l\u2019ann\u00e9e universitaire 2026\u20132027 des bourses \u00ab Invest Your Talent in Italy \u00bb est en ligne ! Le programme permet aux \u00e9tudiants provenant de 23 pays cibles de suivre des masters ou des mast\u00e8res en Ing\u00e9nierie, Architecture et Design, \u00c9conomie et Management dans les universit\u00e9s italiennes. En participant \u00e0 #InvestYourTalent, les [&hellip;]","protected":false},"author":9,"featured_media":8003,"comment_status":"closed","ping_status":"closed","sticky":false,"template":"","format":"standard","meta":{"footnotes":""},"tags":[19],"class_list":["post-8008","post","type-post","status-publish","format-standard","has-post-thumbnail","hentry","tag-diplomazia-culturale"],"_links":{"self":[{"href":"https:\/\/consmetz.esteri.it\/fr\/wp-json\/wp\/v2\/posts\/8008","targetHints":{"allow":["GET"]}}],"collection":[{"href":"https:\/\/consmetz.esteri.it\/fr\/wp-json\/wp\/v2\/posts"}],"about":[{"href":"https:\/\/consmetz.esteri.it\/fr\/wp-json\/wp\/v2\/types\/post"}],"author":[{"embeddable":true,"href":"https:\/\/consmetz.esteri.it\/fr\/wp-json\/wp\/v2\/users\/9"}],"replies":[{"embeddable":true,"href":"https:\/\/consmetz.esteri.it\/fr\/wp-json\/wp\/v2\/comments?post=8008"}],"version-history":[{"count":1,"href":"https:\/\/consmetz.esteri.it\/fr\/wp-json\/wp\/v2\/posts\/8008\/revisions"}],"predecessor-version":[{"id":8009,"href":"https:\/\/consmetz.esteri.it\/fr\/wp-json\/wp\/v2\/posts\/8008\/revisions\/8009"}],"wp:featuredmedia":[{"embeddable":true,"href":"https:\/\/consmetz.esteri.it\/fr\/wp-json\/wp\/v2\/media\/8003"}],"wp:attachment":[{"href":"https:\/\/consmetz.esteri.it\/fr\/wp-json\/wp\/v2\/media?parent=8008"}],"wp:term":[{"taxonomy":"post_tag","embeddable":true,"href":"https:\/\/consmetz.esteri.it\/fr\/wp-json\/wp\/v2\/tags?post=8008"}],"curies":[{"name":"wp","href":"https:\/\/api.w.org\/{rel}","templated":true}]}}