{"id":8012,"date":"2026-04-23T18:24:42","date_gmt":"2026-04-23T16:24:42","guid":{"rendered":"https:\/\/consmetz.esteri.it\/?p=8012"},"modified":"2026-04-24T14:55:30","modified_gmt":"2026-04-24T12:55:30","slug":"ixe-edition-de-la-journee-de-la-recherche-italienne-dans-le-monde","status":"publish","type":"post","link":"https:\/\/consmetz.esteri.it\/fr\/news\/dal_consolato\/2026\/04\/ixe-edition-de-la-journee-de-la-recherche-italienne-dans-le-monde\/","title":{"rendered":"IXe \u00e9dition de la Journ\u00e9e de la Recherche Italienne dans le Monde"},"content":{"rendered":"<p data-start=\"247\" data-end=\"562\">Dans le cadre de la <strong data-start=\"282\" data-end=\"345\">IXe \u00e9dition de la Journ\u00e9e de la Recherche Italienne dans le Monde<\/strong>, un \u00e9v\u00e9nement d\u00e9di\u00e9 \u00e0 la vulgarisation scientifique se tiendra le <strong data-start=\"359\" data-end=\"371\">4 mai<\/strong> \u00e0 l\u2019ISIS (Universit\u00e9 de Strasbourg), \u00e0 destination des <strong>\u00e9tudiants de la section italienne du Lyc\u00e9e International des Pontonniers de Strasbourg<\/strong>.<\/p>\n<p data-start=\"564\" data-end=\"814\">L\u2019initiative vise \u00e0 rapprocher les nouvelles g\u00e9n\u00e9rations de la recherche scientifique, en leur offrant l\u2019opportunit\u00e9 de rencontrer des chercheuses et chercheurs italiens actifs \u00e0 l\u2019\u00e9tranger et de d\u00e9couvrir des parcours acad\u00e9miques et professionnels dans les domaines STEM.<\/p>\n<p data-start=\"816\" data-end=\"837\">Le programme pr\u00e9voit :<\/p>\n<ul data-start=\"838\" data-end=\"1196\">\n<li data-section-id=\"7nc4xs\" data-start=\"838\" data-end=\"958\">Allocutions institutionnelles avec la Consule g\u00e9n\u00e9rale d\u2019Italie \u00e0 Metz, Dr Antonella Fontana, et Paolo Samor\u00ec (ISIS, UNISTRA)<\/li>\n<li data-section-id=\"1mq5b8p\" data-start=\"959\" data-end=\"1145\">Interventions scientifiques sur des th\u00e9matiques de pointe :\n<ul data-start=\"1008\" data-end=\"1145\">\n<li data-section-id=\"z12cfr\" data-start=\"1008\" data-end=\"1029\">biologie et cancer<\/li>\n<li data-section-id=\"1dnl4rx\" data-start=\"1032\" data-end=\"1069\">sciences et technologies quantiques<\/li>\n<li data-section-id=\"1ntxbwz\" data-start=\"1072\" data-end=\"1098\">neurosciences et m\u00e9moire<\/li>\n<li data-section-id=\"1xcaja4\" data-start=\"1101\" data-end=\"1145\">chimie et auto-organisation mol\u00e9culaire<\/li>\n<\/ul>\n<\/li>\n<li data-section-id=\"15c55t2\" data-start=\"1146\" data-end=\"1162\">Pause d\u00e9jeuner<\/li>\n<li data-section-id=\"njq84j\" data-start=\"1163\" data-end=\"1196\">Visite des laboratoires de recherche<\/li>\n<\/ul>\n<p data-start=\"1198\" data-end=\"1314\">Une exp\u00e9rience formative con\u00e7ue pour stimuler la curiosit\u00e9, l\u2019esprit critique et l\u2019int\u00e9r\u00eat pour la recherche italienne.<\/p>\n<p data-start=\"1316\" data-end=\"1477\">\ud83d\udd0e<a href=\"https:\/\/consmetz.esteri.it\/wp-content\/uploads\/2026\/04\/Locandina_4Maggio_v6.pdf\"><strong>LIRE L\u2019AFFICHE DE L\u2019\u00c9V\u00c9NEMENT<\/strong><\/a><\/p>\n","protected":false},"excerpt":{"rendered":"Dans le cadre de la IXe \u00e9dition de la Journ\u00e9e de la Recherche Italienne dans le Monde, un \u00e9v\u00e9nement d\u00e9di\u00e9 \u00e0 la vulgarisation scientifique se tiendra le 4 mai \u00e0 l\u2019ISIS (Universit\u00e9 de Strasbourg), \u00e0 destination des \u00e9tudiants de la section italienne du Lyc\u00e9e International des Pontonniers de Strasbourg. L\u2019initiative vise \u00e0 rapprocher les nouvelles [&hellip;]","protected":false},"author":9,"featured_media":8000,"comment_status":"closed","ping_status":"closed","sticky":false,"template":"","format":"standard","meta":{"footnotes":""},"tags":[20],"class_list":["post-8012","post","type-post","status-publish","format-standard","has-post-thumbnail","hentry","tag-diplomazia-scientifica"],"_links":{"self":[{"href":"https:\/\/consmetz.esteri.it\/fr\/wp-json\/wp\/v2\/posts\/8012","targetHints":{"allow":["GET"]}}],"collection":[{"href":"https:\/\/consmetz.esteri.it\/fr\/wp-json\/wp\/v2\/posts"}],"about":[{"href":"https:\/\/consmetz.esteri.it\/fr\/wp-json\/wp\/v2\/types\/post"}],"author":[{"embeddable":true,"href":"https:\/\/consmetz.esteri.it\/fr\/wp-json\/wp\/v2\/users\/9"}],"replies":[{"embeddable":true,"href":"https:\/\/consmetz.esteri.it\/fr\/wp-json\/wp\/v2\/comments?post=8012"}],"version-history":[{"count":1,"href":"https:\/\/consmetz.esteri.it\/fr\/wp-json\/wp\/v2\/posts\/8012\/revisions"}],"predecessor-version":[{"id":8015,"href":"https:\/\/consmetz.esteri.it\/fr\/wp-json\/wp\/v2\/posts\/8012\/revisions\/8015"}],"wp:featuredmedia":[{"embeddable":true,"href":"https:\/\/consmetz.esteri.it\/fr\/wp-json\/wp\/v2\/media\/8000"}],"wp:attachment":[{"href":"https:\/\/consmetz.esteri.it\/fr\/wp-json\/wp\/v2\/media?parent=8012"}],"wp:term":[{"taxonomy":"post_tag","embeddable":true,"href":"https:\/\/consmetz.esteri.it\/fr\/wp-json\/wp\/v2\/tags?post=8012"}],"curies":[{"name":"wp","href":"https:\/\/api.w.org\/{rel}","templated":true}]}}